{"id":4601,"date":"2017-10-01T15:57:43","date_gmt":"2017-10-01T13:57:43","guid":{"rendered":"http:\/\/bechsbooks.dk\/?p=4601"},"modified":"2018-04-21T16:02:09","modified_gmt":"2018-04-21T14:02:09","slug":"fantasyfestival-2017","status":"publish","type":"post","link":"http:\/\/bechsbooks.dk\/?p=4601","title":{"rendered":"Fantasyfestival 2017"},"content":{"rendered":"<p>I \u00e5r har vi for f\u00f8rste gang v\u00e6ret til <a href=\"http:\/\/fantasyfestival.esbjergkommune.dk\/\" target=\"_blank\" rel=\"noopener\">Fantasyfestival<\/a> i Esbjerg. N\u00e5r jeg skriver vi, s\u00e5 var det Brian (min mand), vores \u00e6ldste datter, Klara og hendes veninde og jeg selv, der var afsted. Allerede p\u00e5 afstand kunne vi se, at der virkelig skete ting og sager. Udenfor biblioteket var der et stort marked med forskellige aktiviteter og madboder. Desv\u00e6rre kan jeg ikke fort\u00e6lle meget om det, da det regnede voldsomt p\u00e5 alle de tider, hvor vi ikke lige var inde og h\u00f8re opl\u00e6g fra forskellige forfattere.<\/p>\n<p>Da der var lidt k\u00f8 n\u00e5ede vi desv\u00e6rre ikke at h\u00f8re \u00e5bningstalen, men vi skyndte os som det f\u00f8rste op for at h\u00f8re <a href=\"http:\/\/www.lenedybdahl.com\/\" target=\"_blank\" rel=\"noopener\">Lene Dybdahl<\/a> fort\u00e6lle om Drager, profetier og s\u00f8uhyrer. Selvom en del af opl\u00e6gget var omkring Skyriel og Blodb\u00e6st, som vi alle stadig har til gode, s\u00e5 synes vi, at det var et rigtig godt opl\u00e6g &#8211; som sagtens kunne have varet l\u00e6ngere.<\/p>\n<p>Jeg beklager de ikke afsindigt gode billeder.<\/p>\n<figure id=\"attachment_4650\" aria-describedby=\"caption-attachment-4650\" style=\"width: 1983px\" class=\"wp-caption aligncenter\"><img loading=\"lazy\" decoding=\"async\" class=\"size-full wp-image-4650\" src=\"http:\/\/bechsbooks.dk\/wp-content\/uploads\/2017\/09\/IMG_2565.jpg\" alt=\"\" width=\"1983\" height=\"2155\" srcset=\"http:\/\/bechsbooks.dk\/wp-content\/uploads\/2017\/09\/IMG_2565.jpg 1983w, http:\/\/bechsbooks.dk\/wp-content\/uploads\/2017\/09\/IMG_2565-552x600.jpg 552w, http:\/\/bechsbooks.dk\/wp-content\/uploads\/2017\/09\/IMG_2565-768x835.jpg 768w, http:\/\/bechsbooks.dk\/wp-content\/uploads\/2017\/09\/IMG_2565-942x1024.jpg 942w, http:\/\/bechsbooks.dk\/wp-content\/uploads\/2017\/09\/IMG_2565-276x300.jpg 276w\" sizes=\"(max-width: 1983px) 100vw, 1983px\" \/><figcaption id=\"caption-attachment-4650\" class=\"wp-caption-text\">Lene Dybdahl, Fantasyfestival 2017<\/figcaption><\/figure>\n<p>Derefter havde vi tid til at kigge lidt p\u00e5 alle de stande der var med b\u00f8ger, rollespilstilbeh\u00f8r og ikke mindst illustratorer og deres flotte illustrationer. Pigerne ville gerne h\u00f8re <a href=\"http:\/\/nannafoss.dk\/\" target=\"_blank\" rel=\"noopener\">Nanna Foss<\/a> og bagefter <a href=\"http:\/\/www.panteon-sagaen.dk\/\" target=\"_blank\" rel=\"noopener\">Boris Hansen<\/a>. Det n\u00e5ede de lige efter, at vi havde v\u00e6ret ude i en voldsom byge, hvor vi alle blev ret v\u00e5de. Imens kiggede Brian og jeg p\u00e5 b\u00f8ger &#8211; og spiste br\u00e6ndte mandler fra en af boderne udenfor.<\/p>\n<figure id=\"attachment_4655\" aria-describedby=\"caption-attachment-4655\" style=\"width: 2206px\" class=\"wp-caption aligncenter\"><img loading=\"lazy\" decoding=\"async\" class=\"size-full wp-image-4655\" src=\"http:\/\/bechsbooks.dk\/wp-content\/uploads\/2017\/09\/IMG_2567.jpg\" alt=\"\" width=\"2206\" height=\"2035\" srcset=\"http:\/\/bechsbooks.dk\/wp-content\/uploads\/2017\/09\/IMG_2567.jpg 2206w, http:\/\/bechsbooks.dk\/wp-content\/uploads\/2017\/09\/IMG_2567-600x553.jpg 600w, http:\/\/bechsbooks.dk\/wp-content\/uploads\/2017\/09\/IMG_2567-768x708.jpg 768w, http:\/\/bechsbooks.dk\/wp-content\/uploads\/2017\/09\/IMG_2567-1024x945.jpg 1024w, http:\/\/bechsbooks.dk\/wp-content\/uploads\/2017\/09\/IMG_2567-325x300.jpg 325w\" sizes=\"(max-width: 2206px) 100vw, 2206px\" \/><figcaption id=\"caption-attachment-4655\" class=\"wp-caption-text\">Arnold Buscks stand til Fantasyfestival, 2017<\/figcaption><\/figure>\n<figure id=\"attachment_4656\" aria-describedby=\"caption-attachment-4656\" style=\"width: 3084px\" class=\"wp-caption aligncenter\"><img loading=\"lazy\" decoding=\"async\" class=\"size-full wp-image-4656\" src=\"http:\/\/bechsbooks.dk\/wp-content\/uploads\/2017\/09\/IMG_2568.jpg\" alt=\"\" width=\"3084\" height=\"2312\" srcset=\"http:\/\/bechsbooks.dk\/wp-content\/uploads\/2017\/09\/IMG_2568.jpg 3084w, http:\/\/bechsbooks.dk\/wp-content\/uploads\/2017\/09\/IMG_2568-600x450.jpg 600w, http:\/\/bechsbooks.dk\/wp-content\/uploads\/2017\/09\/IMG_2568-768x576.jpg 768w, http:\/\/bechsbooks.dk\/wp-content\/uploads\/2017\/09\/IMG_2568-1024x768.jpg 1024w, http:\/\/bechsbooks.dk\/wp-content\/uploads\/2017\/09\/IMG_2568-400x300.jpg 400w\" sizes=\"(max-width: 3084px) 100vw, 3084px\" \/><figcaption id=\"caption-attachment-4656\" class=\"wp-caption-text\">Lidt af det store omr\u00e5de med stande &#8211; Fantasyfestival, 2017<\/figcaption><\/figure>\n<figure id=\"attachment_4657\" aria-describedby=\"caption-attachment-4657\" style=\"width: 3028px\" class=\"wp-caption aligncenter\"><img loading=\"lazy\" decoding=\"async\" class=\"size-full wp-image-4657\" src=\"http:\/\/bechsbooks.dk\/wp-content\/uploads\/2017\/09\/IMG_2569.jpg\" alt=\"\" width=\"3028\" height=\"2270\" srcset=\"http:\/\/bechsbooks.dk\/wp-content\/uploads\/2017\/09\/IMG_2569.jpg 3028w, http:\/\/bechsbooks.dk\/wp-content\/uploads\/2017\/09\/IMG_2569-600x450.jpg 600w, http:\/\/bechsbooks.dk\/wp-content\/uploads\/2017\/09\/IMG_2569-768x576.jpg 768w, http:\/\/bechsbooks.dk\/wp-content\/uploads\/2017\/09\/IMG_2569-1024x768.jpg 1024w, http:\/\/bechsbooks.dk\/wp-content\/uploads\/2017\/09\/IMG_2569-400x300.jpg 400w\" sizes=\"(max-width: 3028px) 100vw, 3028px\" \/><figcaption id=\"caption-attachment-4657\" class=\"wp-caption-text\">Tellerups stand i baggrunden, det var vist her vi k\u00f8bte alt hvad vi bragte med hjem. Fantasyfestival, 2017<\/figcaption><\/figure>\n<figure id=\"attachment_4659\" aria-describedby=\"caption-attachment-4659\" style=\"width: 3264px\" class=\"wp-caption aligncenter\"><img loading=\"lazy\" decoding=\"async\" class=\"size-full wp-image-4659\" src=\"http:\/\/bechsbooks.dk\/wp-content\/uploads\/2017\/09\/IMG_2571.jpg\" alt=\"\" width=\"3264\" height=\"2448\" srcset=\"http:\/\/bechsbooks.dk\/wp-content\/uploads\/2017\/09\/IMG_2571.jpg 3264w, http:\/\/bechsbooks.dk\/wp-content\/uploads\/2017\/09\/IMG_2571-600x450.jpg 600w, http:\/\/bechsbooks.dk\/wp-content\/uploads\/2017\/09\/IMG_2571-768x576.jpg 768w, http:\/\/bechsbooks.dk\/wp-content\/uploads\/2017\/09\/IMG_2571-1024x768.jpg 1024w, http:\/\/bechsbooks.dk\/wp-content\/uploads\/2017\/09\/IMG_2571-400x300.jpg 400w\" sizes=\"(max-width: 3264px) 100vw, 3264px\" \/><figcaption id=\"caption-attachment-4659\" class=\"wp-caption-text\">Fantasyfestival, 2017.<\/figcaption><\/figure>\n<figure id=\"attachment_4660\" aria-describedby=\"caption-attachment-4660\" style=\"width: 2845px\" class=\"wp-caption aligncenter\"><img loading=\"lazy\" decoding=\"async\" class=\"size-full wp-image-4660\" src=\"http:\/\/bechsbooks.dk\/wp-content\/uploads\/2017\/09\/IMG_2573.jpg\" alt=\"\" width=\"2845\" height=\"2301\" srcset=\"http:\/\/bechsbooks.dk\/wp-content\/uploads\/2017\/09\/IMG_2573.jpg 2845w, http:\/\/bechsbooks.dk\/wp-content\/uploads\/2017\/09\/IMG_2573-600x485.jpg 600w, http:\/\/bechsbooks.dk\/wp-content\/uploads\/2017\/09\/IMG_2573-768x621.jpg 768w, http:\/\/bechsbooks.dk\/wp-content\/uploads\/2017\/09\/IMG_2573-1024x828.jpg 1024w, http:\/\/bechsbooks.dk\/wp-content\/uploads\/2017\/09\/IMG_2573-371x300.jpg 371w\" sizes=\"(max-width: 2845px) 100vw, 2845px\" \/><figcaption id=\"caption-attachment-4660\" class=\"wp-caption-text\">Fantasyfestival, 2017<\/figcaption><\/figure>\n<p>Vi k\u00f8bte alle b\u00f8ger ved <a href=\"https:\/\/tellerup.com\/\" target=\"_blank\" rel=\"noopener\">Tellerup<\/a> &#8211; det kan vi jo aldrig lade v\u00e6re med. Jeg k\u00f8bte blandet andet <a href=\"http:\/\/bechsbooks.dk\/?p=4616\" target=\"_blank\" rel=\"noopener\">Sj\u00e6lev\u00e6rt af Christina Bonde<\/a> og Klara k\u00f8bte Spektrum: Ursiderne af Nanna Foss. Vi pr\u00f8vede dog at begr\u00e6nse os, da der jo ikke er l\u00e6nge til <a href=\"http:\/\/www.bogforum.dk\/\" target=\"_blank\" rel=\"noopener\">BogForum<\/a>.<\/p>\n<figure id=\"attachment_4662\" aria-describedby=\"caption-attachment-4662\" style=\"width: 1362px\" class=\"wp-caption aligncenter\"><img loading=\"lazy\" decoding=\"async\" class=\"size-full wp-image-4662\" src=\"http:\/\/bechsbooks.dk\/wp-content\/uploads\/2017\/09\/20170916_130755578_iOS.jpg\" alt=\"\" width=\"1362\" height=\"1850\" srcset=\"http:\/\/bechsbooks.dk\/wp-content\/uploads\/2017\/09\/20170916_130755578_iOS.jpg 1362w, http:\/\/bechsbooks.dk\/wp-content\/uploads\/2017\/09\/20170916_130755578_iOS-442x600.jpg 442w, http:\/\/bechsbooks.dk\/wp-content\/uploads\/2017\/09\/20170916_130755578_iOS-768x1043.jpg 768w, http:\/\/bechsbooks.dk\/wp-content\/uploads\/2017\/09\/20170916_130755578_iOS-754x1024.jpg 754w, http:\/\/bechsbooks.dk\/wp-content\/uploads\/2017\/09\/20170916_130755578_iOS-221x300.jpg 221w\" sizes=\"(max-width: 1362px) 100vw, 1362px\" \/><figcaption id=\"caption-attachment-4662\" class=\"wp-caption-text\">Malene S\u00f8lvsten klar til at blive interviewet. Fantasyfestival, 2017<\/figcaption><\/figure>\n<p>Dagens sidste opl\u00e6g blev Malene S\u00f8lvsten, som vi alle virkelig gl\u00e6dede os til. Det var, som Lene Dybdahls rigtig godt &#8211; og jeg ved, at Daniel vores \u00e6ldste s\u00f8n, var noget tr\u00e6t af, at g\u00e5 glip af netop dette. Pigerne havde f\u00e5et signeret deres b\u00f8ger inden opl\u00e6gget, s\u00e5 jeg missede desv\u00e6rre at f\u00e5 signeret de to illustrationer som jeg k\u00f8bte ved <a href=\"http:\/\/brethdesign.dk\/\" target=\"_blank\" rel=\"noopener\">Breth Design<\/a> &#8211; men de ser nu ogs\u00e5 ganske fine ud i deres rammer uden.<\/p>\n<p>Det var en rigtig hyggelig Fantasyfestival. Desv\u00e6rre var vejret ikke med os, og vi fik nok ikke helt det fulde udbytte ud af det, da vi stort set ikke s\u00e5 noget at det store omr\u00e5de udenfor &#8211; men det m\u00e5 vi jo have til gode til en anden gang. Hvis vi skal af sted igen, s\u00e5 tror jeg, at vi skal pr\u00f8ve at planl\u00e6gge dagen lidt mere hjemmefra, s\u00e5 vi kan f\u00e5 h\u00f8rt nogle flere forfatteropl\u00e6g, for det var helt klart rigtig godt &#8211; og noget for os alle, ogs\u00e5 selvom vi ikke havde l\u00e6st b\u00f8ger af de p\u00e5g\u00e6ldende forfattere.<\/p>\n<p>Vi har et eneste minus, og det har faktisk slet ikke noget med selve festivalen at g\u00f8re. Men vi vil jo rigtig gerne v\u00e6re med hvor det sker &#8211; og det er s\u00e5 blandt andet Fantasyfestival, Harry Potter Festival, Herlufsholm Fantasy Bogmesse og BogForum, og det bliver alt for meget for os p\u00e5 s\u00e5 kort tid, s\u00e5 vi m\u00e5 jo desv\u00e6rre v\u00e6lge.<\/p>\n<p>P\u00e5 vej fra Fantasyfestival n\u00e5ede vi omkring Mennesket ved havet &#8211; og som I kan se i baggrunden, s\u00e5 viste vejret sig ikke fra sin bedste side. Men det var en rigtig dejlig dag alligevel.<\/p>\n<figure id=\"attachment_4666\" aria-describedby=\"caption-attachment-4666\" style=\"width: 2260px\" class=\"wp-caption aligncenter\"><img loading=\"lazy\" decoding=\"async\" class=\"size-full wp-image-4666\" src=\"http:\/\/bechsbooks.dk\/wp-content\/uploads\/2017\/09\/IMG_2577.jpg\" alt=\"\" width=\"2260\" height=\"3014\" srcset=\"http:\/\/bechsbooks.dk\/wp-content\/uploads\/2017\/09\/IMG_2577.jpg 2260w, http:\/\/bechsbooks.dk\/wp-content\/uploads\/2017\/09\/IMG_2577-450x600.jpg 450w, http:\/\/bechsbooks.dk\/wp-content\/uploads\/2017\/09\/IMG_2577-768x1024.jpg 768w, http:\/\/bechsbooks.dk\/wp-content\/uploads\/2017\/09\/IMG_2577-225x300.jpg 225w\" sizes=\"(max-width: 2260px) 100vw, 2260px\" \/><figcaption id=\"caption-attachment-4666\" class=\"wp-caption-text\">Mennesket ved havet d. 16.9.2017.<\/figcaption><\/figure>\n<div class=\"fcbkbttn_buttons_block\" id=\"fcbkbttn_left\"><\/div>","protected":false},"excerpt":{"rendered":"<p>I \u00e5r har vi for f\u00f8rste gang v\u00e6ret til Fantasyfestival i Esbjerg. N\u00e5r jeg skriver vi, s\u00e5 var det Brian (min mand), vores \u00e6ldste datter, Klara og hendes veninde og jeg selv, der var afsted. Allerede p\u00e5 afstand kunne vi se, at der virkelig skete ting og sager. Udenfor biblioteket var der et stort marked&hellip; <a class=\"more-link\" href=\"http:\/\/bechsbooks.dk\/?p=4601\">L\u00e6s mere <span class=\"screen-reader-text\">Fantasyfestival 2017<\/span><\/a><\/p>\n<div class=\"fcbkbttn_buttons_block\" id=\"fcbkbttn_left\"><\/div>","protected":false},"author":5,"featured_media":4648,"comment_status":"open","ping_status":"open","sticky":false,"template":"","format":"standard","meta":{"_monsterinsights_skip_tracking":false,"_monsterinsights_sitenote_active":false,"_monsterinsights_sitenote_note":"","_monsterinsights_sitenote_category":0,"footnotes":""},"categories":[37,784],"tags":[393,583,320,618],"_links":{"self":[{"href":"http:\/\/bechsbooks.dk\/index.php?rest_route=\/wp\/v2\/posts\/4601"}],"collection":[{"href":"http:\/\/bechsbooks.dk\/index.php?rest_route=\/wp\/v2\/posts"}],"about":[{"href":"http:\/\/bechsbooks.dk\/index.php?rest_route=\/wp\/v2\/types\/post"}],"author":[{"embeddable":true,"href":"http:\/\/bechsbooks.dk\/index.php?rest_route=\/wp\/v2\/users\/5"}],"replies":[{"embeddable":true,"href":"http:\/\/bechsbooks.dk\/index.php?rest_route=%2Fwp%2Fv2%2Fcomments&post=4601"}],"version-history":[{"count":14,"href":"http:\/\/bechsbooks.dk\/index.php?rest_route=\/wp\/v2\/posts\/4601\/revisions"}],"predecessor-version":[{"id":4668,"href":"http:\/\/bechsbooks.dk\/index.php?rest_route=\/wp\/v2\/posts\/4601\/revisions\/4668"}],"wp:featuredmedia":[{"embeddable":true,"href":"http:\/\/bechsbooks.dk\/index.php?rest_route=\/wp\/v2\/media\/4648"}],"wp:attachment":[{"href":"http:\/\/bechsbooks.dk\/index.php?rest_route=%2Fwp%2Fv2%2Fmedia&parent=4601"}],"wp:term":[{"taxonomy":"category","embeddable":true,"href":"http:\/\/bechsbooks.dk\/index.php?rest_route=%2Fwp%2Fv2%2Fcategories&post=4601"},{"taxonomy":"post_tag","embeddable":true,"href":"http:\/\/bechsbooks.dk\/index.php?rest_route=%2Fwp%2Fv2%2Ftags&post=4601"}],"curies":[{"name":"wp","href":"https:\/\/api.w.org\/{rel}","templated":true}]}}